{"id":22613,"date":"2023-03-21T14:49:32","date_gmt":"2023-03-21T13:49:32","guid":{"rendered":"https:\/\/8b59cb99d94061e91f30334567d60256\/?p=22613"},"modified":"2023-04-05T18:36:47","modified_gmt":"2023-04-05T16:36:47","slug":"the-2023-season-kick-off-event-gathered-the-swedish-football-family","status":"publish","type":"post","link":"https:\/\/svenskelitfotboll.se\/en\/the-2023-season-kick-off-event-gathered-the-swedish-football-family\/","title":{"rendered":"The 2023 season kick off event gathered the Swedish football family"},"content":{"rendered":"\n<p><strong>The traditional Allsvenskan season kick off gathered around 250 people in Stockholm, among those around 120 sports journalists, to discuss the upcoming 2023 season.<\/strong><br><strong>&#8220;People was longing for this event. There are many people who come here to meet coaches and players for doing interviews&#8221;, says Kaveh Sarvari, Events and Private Marketing Manager at Swedish Professional Football Leagues and responsible for the kick-off meeting.<\/strong><\/p>\n\n\n\n<p>After covid there is a great need to meet face to face. This was the first time since 2019 that the kick-off meeting was held in physical form again. The roughly 250 guests were welcomed by Simon \u00c5str\u00f6m the chairman of Swedish Professional Football Leagues and general secretary Mats Enquist. <\/p>\n\n\n\n<p>Afterwards some panel discussions took over the floor.<br>&#8220;We have moved away from the classic stage program that we have always had. We have learned a lot from the pandemic and have listened to the media before this year, and asked what they would like. Then we landed in this. It&#8217;s going well and it works, says Kaveh Sarvari.<\/p>\n\n\n\n<figure class=\"wp-block-image size-full\"><img loading=\"lazy\" decoding=\"async\" width=\"800\" height=\"533\" src=\"https:\/\/svenskelitfotboll.se\/wp-content\/uploads\/2023\/03\/BB230320JZ086.jpg\" alt=\"\" class=\"wp-image-22610\" srcset=\"https:\/\/svenskelitfotboll.se\/wp-content\/uploads\/2023\/03\/BB230320JZ086.jpg 800w, https:\/\/svenskelitfotboll.se\/wp-content\/uploads\/2023\/03\/BB230320JZ086-300x200.jpg 300w, https:\/\/svenskelitfotboll.se\/wp-content\/uploads\/2023\/03\/BB230320JZ086-768x512.jpg 768w\" sizes=\"auto, (max-width: 800px) 100vw, 800px\" \/><figcaption class=\"wp-element-caption\">230320 Janne Andersson, F\u00f6rbundskapten Sverige, och Jens Fjellstr\u00f6m, Expertkommentator, under fotbollsallsvenskans upptaktstr\u00e4ff den 20 mars 2023 i Stockholm. \nFoto: Jesper Zerman \/ BILDBYR\u00c5N \/ COP 234 \/ JZ0345<\/figcaption><\/figure>\n\n\n\n<p>A total of three different panel discussions were held. One that dealt with transfers questions, one with a referee and rules perspective, and one panel with a coaching and tactics perspective. Warner Bros. Discovery&#8217;s Karin Frick skilfully moderated the participants, which included national team captain Janne Andersson, the sporting director of Swedish Professional Football Leagues Svante Samuelsson and sports journalist Olof Lundh.<\/p>\n\n\n\n<p>Afterwards the media prediction for the upcoming season were presented, as well as Unibet&#8217;s odds. Djurg\u00e5rden were favorites to take home the title, followed by BK H\u00e4cken, Malm\u00f6 FF and Hammarby.<\/p>\n\n\n\n<figure class=\"wp-block-image size-full\"><img loading=\"lazy\" decoding=\"async\" width=\"800\" height=\"533\" src=\"https:\/\/svenskelitfotboll.se\/wp-content\/uploads\/2023\/03\/BB230320JZ030.jpg\" alt=\"\" class=\"wp-image-22608\" srcset=\"https:\/\/svenskelitfotboll.se\/wp-content\/uploads\/2023\/03\/BB230320JZ030.jpg 800w, https:\/\/svenskelitfotboll.se\/wp-content\/uploads\/2023\/03\/BB230320JZ030-300x200.jpg 300w, https:\/\/svenskelitfotboll.se\/wp-content\/uploads\/2023\/03\/BB230320JZ030-768x512.jpg 768w\" sizes=\"auto, (max-width: 800px) 100vw, 800px\" \/><figcaption class=\"wp-element-caption\">230320 Spelarna poserar f\u00f6r ett portr\u00e4tt under fotbollsallsvenskans upptaktstr\u00e4ff den 20 mars 2023 i Stockholm. \u00d6vre raden fr.v. Marcus Mathisen, Sirius, Tom Pettersson, Mj\u00e4llby, Joakim Lindner, Varberg, Andreas Johansson, Halmstad, Christoffer Nyman, IFK Norrk\u00f6ping, Nahir Besara, Hammarby, Marcus Berg, IFK G\u00f6teborg, och Jimmy Durmaz, AIK. Nedre raden fr.v. Sebastian Ohlsson, Degerfors, Magnus Eriksson, Djurg\u00e5rden, Johan Larsson, Elfsborg, Gustav Sandberg Magnusson, Brommapojkarna, Freddy Winsth, V\u00e4rnamo, Samuel Gustafson, H\u00e4cken, och Anders Christiansen, Malm\u00f6 FF.\nFoto: Jesper Zerman \/ BILDBYR\u00c5N \/ COP 234 \/ JZ0345<\/figcaption><\/figure>\n\n\n\n<p>Just before lunch, the head coaches were photographed in their club jersey and then the same was done with the team captains.<\/p>\n\n\n\n<p>After lunch, the club fair was held where each head coach and team captain were interviewed by the media in their club booth. A total of 440 interviews had been booked into the rolling schedule for the kick off everything from written media to radio, television, web TV and podcasts.<\/p>\n\n\n\n<p>&#8220;The kick-off meeting seems to be bigger than ever. There are a lot of people there and everyone is in a good mood and everyone is excited for the season. It has been so boring when the kick off was held digitally during the pandemic. Now you get to come here and meet everyone and feel the atmosphere, it makes a lot of difference&#8221;, says Linus Petersson from newspaper Expressen.<\/p>\n\n\n\n<figure class=\"wp-block-image size-full\"><img loading=\"lazy\" decoding=\"async\" width=\"800\" height=\"533\" src=\"https:\/\/svenskelitfotboll.se\/wp-content\/uploads\/2023\/03\/BB230320JZ031.jpg\" alt=\"\" class=\"wp-image-22602\" srcset=\"https:\/\/svenskelitfotboll.se\/wp-content\/uploads\/2023\/03\/BB230320JZ031.jpg 800w, https:\/\/svenskelitfotboll.se\/wp-content\/uploads\/2023\/03\/BB230320JZ031-300x200.jpg 300w, https:\/\/svenskelitfotboll.se\/wp-content\/uploads\/2023\/03\/BB230320JZ031-768x512.jpg 768w\" sizes=\"auto, (max-width: 800px) 100vw, 800px\" \/><figcaption class=\"wp-element-caption\">230320 Joakim Lindner, Varberg, under fotbollsallsvenskans upptaktstr\u00e4ff den 20 mars 2023 i Stockholm. \nFoto: Jesper Zerman \/ BILDBYR\u00c5N \/ COP 234 \/ JZ0345<\/figcaption><\/figure>\n\n\n\n<p>Among the guests at the kick-off meeting were representatives from the Spanish LaLiga and the Icelandic league, both of whom were there to study and learn how we in Sweden talk about the season.<\/p>\n\n\n\n<p>&#8220;It was an interesting and inspired event that I am very happy that I was able to participate in. A professional league cannot do a better kick off than to bring together the media, clubs, team captains, coaches, staff and partners in this way&#8221;, says Juan Fuentes from LaLiga.<\/p>\n\n\n\n<p>On March 27, the kick-off meeting for Superettan will be held in Gothenburg.<\/p>\n","protected":false},"excerpt":{"rendered":"<p>The traditional Allsvenskan season kick off gathered around 250 people in Stockholm, among those around 120 sports journalists, to discuss the upcoming 2023 season.&#8220;People was longing for this event. There are many people who come here to meet coaches and players for doing interviews&#8221;, says Kaveh Sarvari, Events and Private Marketing Manager at Swedish Professional [&hellip;]<\/p>\n","protected":false},"author":4,"featured_media":22604,"comment_status":"open","ping_status":"open","sticky":false,"template":"","format":"standard","meta":{"_acf_changed":false,"footnotes":""},"categories":[65,66],"tags":[],"class_list":["post-22613","post","type-post","status-publish","format-standard","has-post-thumbnail","hentry","category-allsvenskan-en","category-news"],"acf":[],"yoast_head":"<!-- This site is optimized with the Yoast SEO plugin v27.1.1 - https:\/\/yoast.com\/product\/yoast-seo-wordpress\/ -->\n<title>The 2023 season kick off event gathered the Swedish football family - F\u00f6reningen Svensk Elitfotboll<\/title>\n<meta name=\"robots\" content=\"index, follow, max-snippet:-1, max-image-preview:large, max-video-preview:-1\" \/>\n<link rel=\"canonical\" href=\"https:\/\/svenskelitfotboll.se\/en\/the-2023-season-kick-off-event-gathered-the-swedish-football-family\/\" \/>\n<meta property=\"og:locale\" content=\"en_US\" \/>\n<meta property=\"og:type\" content=\"article\" \/>\n<meta property=\"og:title\" content=\"The 2023 season kick off event gathered the Swedish football family - F\u00f6reningen Svensk Elitfotboll\" \/>\n<meta property=\"og:description\" content=\"The traditional Allsvenskan season kick off gathered around 250 people in Stockholm, among those around 120 sports journalists, to discuss the upcoming 2023 season.&#8220;People was longing for this event. There are many people who come here to meet coaches and players for doing interviews&#8221;, says Kaveh Sarvari, Events and Private Marketing Manager at Swedish Professional [&hellip;]\" \/>\n<meta property=\"og:url\" content=\"https:\/\/svenskelitfotboll.se\/en\/the-2023-season-kick-off-event-gathered-the-swedish-football-family\/\" \/>\n<meta property=\"og:site_name\" content=\"F\u00f6reningen Svensk Elitfotboll\" \/>\n<meta property=\"article:publisher\" content=\"https:\/\/www.facebook.com\/svenskelitfotboll\/\" \/>\n<meta property=\"article:published_time\" content=\"2023-03-21T13:49:32+00:00\" \/>\n<meta property=\"article:modified_time\" content=\"2023-04-05T16:36:47+00:00\" \/>\n<meta property=\"og:image\" content=\"https:\/\/svenskelitfotboll.se\/wp-content\/uploads\/2023\/03\/BB230320JZ027.jpg\" \/>\n\t<meta property=\"og:image:width\" content=\"800\" \/>\n\t<meta property=\"og:image:height\" content=\"533\" \/>\n\t<meta property=\"og:image:type\" content=\"image\/jpeg\" \/>\n<meta name=\"author\" content=\"sef_admin\" \/>\n<meta name=\"twitter:card\" content=\"summary_large_image\" \/>\n<meta name=\"twitter:creator\" content=\"@SEF_Elitfotboll\" \/>\n<meta name=\"twitter:site\" content=\"@SEF_Elitfotboll\" \/>\n<script type=\"application\/ld+json\" class=\"yoast-schema-graph\">{\"@context\":\"https:\/\/schema.org\",\"@graph\":[{\"@type\":\"Article\",\"@id\":\"https:\/\/svenskelitfotboll.se\/en\/the-2023-season-kick-off-event-gathered-the-swedish-football-family\/#article\",\"isPartOf\":{\"@id\":\"https:\/\/svenskelitfotboll.se\/en\/the-2023-season-kick-off-event-gathered-the-swedish-football-family\/\"},\"author\":{\"name\":\"sef_admin\",\"@id\":\"https:\/\/svenskelitfotboll.se\/#\/schema\/person\/39ec280df86f2aa4a6cfa7c6179d9b54\"},\"headline\":\"The 2023 season kick off event gathered the Swedish football family\",\"datePublished\":\"2023-03-21T13:49:32+00:00\",\"dateModified\":\"2023-04-05T16:36:47+00:00\",\"mainEntityOfPage\":{\"@id\":\"https:\/\/svenskelitfotboll.se\/en\/the-2023-season-kick-off-event-gathered-the-swedish-football-family\/\"},\"wordCount\":643,\"commentCount\":0,\"publisher\":{\"@id\":\"https:\/\/svenskelitfotboll.se\/#organization\"},\"image\":{\"@id\":\"https:\/\/svenskelitfotboll.se\/en\/the-2023-season-kick-off-event-gathered-the-swedish-football-family\/#primaryimage\"},\"thumbnailUrl\":\"https:\/\/svenskelitfotboll.se\/wp-content\/uploads\/2023\/03\/BB230320JZ027.jpg\",\"articleSection\":[\"Allsvenskan\",\"News\"],\"inLanguage\":\"en-US\",\"potentialAction\":[{\"@type\":\"CommentAction\",\"name\":\"Comment\",\"target\":[\"https:\/\/svenskelitfotboll.se\/en\/the-2023-season-kick-off-event-gathered-the-swedish-football-family\/#respond\"]}]},{\"@type\":\"WebPage\",\"@id\":\"https:\/\/svenskelitfotboll.se\/en\/the-2023-season-kick-off-event-gathered-the-swedish-football-family\/\",\"url\":\"https:\/\/svenskelitfotboll.se\/en\/the-2023-season-kick-off-event-gathered-the-swedish-football-family\/\",\"name\":\"The 2023 season kick off event gathered the Swedish football family - F\u00f6reningen Svensk Elitfotboll\",\"isPartOf\":{\"@id\":\"https:\/\/svenskelitfotboll.se\/#website\"},\"primaryImageOfPage\":{\"@id\":\"https:\/\/svenskelitfotboll.se\/en\/the-2023-season-kick-off-event-gathered-the-swedish-football-family\/#primaryimage\"},\"image\":{\"@id\":\"https:\/\/svenskelitfotboll.se\/en\/the-2023-season-kick-off-event-gathered-the-swedish-football-family\/#primaryimage\"},\"thumbnailUrl\":\"https:\/\/svenskelitfotboll.se\/wp-content\/uploads\/2023\/03\/BB230320JZ027.jpg\",\"datePublished\":\"2023-03-21T13:49:32+00:00\",\"dateModified\":\"2023-04-05T16:36:47+00:00\",\"breadcrumb\":{\"@id\":\"https:\/\/svenskelitfotboll.se\/en\/the-2023-season-kick-off-event-gathered-the-swedish-football-family\/#breadcrumb\"},\"inLanguage\":\"en-US\",\"potentialAction\":[{\"@type\":\"ReadAction\",\"target\":[\"https:\/\/svenskelitfotboll.se\/en\/the-2023-season-kick-off-event-gathered-the-swedish-football-family\/\"]}]},{\"@type\":\"ImageObject\",\"inLanguage\":\"en-US\",\"@id\":\"https:\/\/svenskelitfotboll.se\/en\/the-2023-season-kick-off-event-gathered-the-swedish-football-family\/#primaryimage\",\"url\":\"https:\/\/svenskelitfotboll.se\/wp-content\/uploads\/2023\/03\/BB230320JZ027.jpg\",\"contentUrl\":\"https:\/\/svenskelitfotboll.se\/wp-content\/uploads\/2023\/03\/BB230320JZ027.jpg\",\"width\":800,\"height\":533,\"caption\":\"230320 Thomas Lagerl\u00f6f, tr\u00e4nare Djurg\u00e5rden, Magnus Eriksson, Djurg\u00e5rden, Per-Mathias H\u00f6gmo, tr\u00e4nare H\u00e4cken, och Samuel Gustafson, H\u00e4cken, under fotbollsallsvenskans upptaktstr\u00e4ff den 20 mars 2023 i Stockholm. Foto: Jesper Zerman \/ BILDBYR\u00c5N \/ COP 234 \/ JZ0345\"},{\"@type\":\"BreadcrumbList\",\"@id\":\"https:\/\/svenskelitfotboll.se\/en\/the-2023-season-kick-off-event-gathered-the-swedish-football-family\/#breadcrumb\",\"itemListElement\":[{\"@type\":\"ListItem\",\"position\":1,\"name\":\"News\",\"item\":\"https:\/\/svenskelitfotboll.se\/en\/category\/news\/\"},{\"@type\":\"ListItem\",\"position\":2,\"name\":\"Allsvenskan\",\"item\":\"https:\/\/svenskelitfotboll.se\/en\/category\/news\/allsvenskan-en\/\"},{\"@type\":\"ListItem\",\"position\":3,\"name\":\"The 2023 season kick off event gathered the Swedish football family\"}]},{\"@type\":\"WebSite\",\"@id\":\"https:\/\/svenskelitfotboll.se\/#website\",\"url\":\"https:\/\/svenskelitfotboll.se\/\",\"name\":\"F\u00f6reningen Svensk Elitfotboll\",\"description\":\"Together we develop Swedish elite football\",\"publisher\":{\"@id\":\"https:\/\/svenskelitfotboll.se\/#organization\"},\"potentialAction\":[{\"@type\":\"SearchAction\",\"target\":{\"@type\":\"EntryPoint\",\"urlTemplate\":\"https:\/\/svenskelitfotboll.se\/?s={search_term_string}\"},\"query-input\":{\"@type\":\"PropertyValueSpecification\",\"valueRequired\":true,\"valueName\":\"search_term_string\"}}],\"inLanguage\":\"en-US\"},{\"@type\":\"Organization\",\"@id\":\"https:\/\/svenskelitfotboll.se\/#organization\",\"name\":\"Svensk Elitfotboll\",\"url\":\"https:\/\/svenskelitfotboll.se\/\",\"logo\":{\"@type\":\"ImageObject\",\"inLanguage\":\"en-US\",\"@id\":\"https:\/\/svenskelitfotboll.se\/#\/schema\/logo\/image\/\",\"url\":\"https:\/\/svenskelitfotboll.se\/wp-content\/uploads\/2024\/03\/sef-696x696-1.png\",\"contentUrl\":\"https:\/\/svenskelitfotboll.se\/wp-content\/uploads\/2024\/03\/sef-696x696-1.png\",\"width\":696,\"height\":696,\"caption\":\"Svensk Elitfotboll\"},\"image\":{\"@id\":\"https:\/\/svenskelitfotboll.se\/#\/schema\/logo\/image\/\"},\"sameAs\":[\"https:\/\/www.facebook.com\/svenskelitfotboll\/\",\"https:\/\/x.com\/SEF_Elitfotboll\"]},{\"@type\":\"Person\",\"@id\":\"https:\/\/svenskelitfotboll.se\/#\/schema\/person\/39ec280df86f2aa4a6cfa7c6179d9b54\",\"name\":\"sef_admin\",\"image\":{\"@type\":\"ImageObject\",\"inLanguage\":\"en-US\",\"@id\":\"https:\/\/svenskelitfotboll.se\/#\/schema\/person\/image\/\",\"url\":\"https:\/\/secure.gravatar.com\/avatar\/99088e31dea94c51057af737007f8332b86e15778096e9d0ae3f29de01b02f93?s=96&d=mm&r=g\",\"contentUrl\":\"https:\/\/secure.gravatar.com\/avatar\/99088e31dea94c51057af737007f8332b86e15778096e9d0ae3f29de01b02f93?s=96&d=mm&r=g\",\"caption\":\"sef_admin\"},\"url\":\"https:\/\/svenskelitfotboll.se\/en\/author\/sef_admin\/\"}]}<\/script>\n<!-- \/ Yoast SEO plugin. -->","yoast_head_json":{"title":"The 2023 season kick off event gathered the Swedish football family - F\u00f6reningen Svensk Elitfotboll","robots":{"index":"index","follow":"follow","max-snippet":"max-snippet:-1","max-image-preview":"max-image-preview:large","max-video-preview":"max-video-preview:-1"},"canonical":"https:\/\/svenskelitfotboll.se\/en\/the-2023-season-kick-off-event-gathered-the-swedish-football-family\/","og_locale":"en_US","og_type":"article","og_title":"The 2023 season kick off event gathered the Swedish football family - F\u00f6reningen Svensk Elitfotboll","og_description":"The traditional Allsvenskan season kick off gathered around 250 people in Stockholm, among those around 120 sports journalists, to discuss the upcoming 2023 season.&#8220;People was longing for this event. There are many people who come here to meet coaches and players for doing interviews&#8221;, says Kaveh Sarvari, Events and Private Marketing Manager at Swedish Professional [&hellip;]","og_url":"https:\/\/svenskelitfotboll.se\/en\/the-2023-season-kick-off-event-gathered-the-swedish-football-family\/","og_site_name":"F\u00f6reningen Svensk Elitfotboll","article_publisher":"https:\/\/www.facebook.com\/svenskelitfotboll\/","article_published_time":"2023-03-21T13:49:32+00:00","article_modified_time":"2023-04-05T16:36:47+00:00","og_image":[{"width":800,"height":533,"url":"https:\/\/svenskelitfotboll.se\/wp-content\/uploads\/2023\/03\/BB230320JZ027.jpg","type":"image\/jpeg"}],"author":"sef_admin","twitter_card":"summary_large_image","twitter_creator":"@SEF_Elitfotboll","twitter_site":"@SEF_Elitfotboll","schema":{"@context":"https:\/\/schema.org","@graph":[{"@type":"Article","@id":"https:\/\/svenskelitfotboll.se\/en\/the-2023-season-kick-off-event-gathered-the-swedish-football-family\/#article","isPartOf":{"@id":"https:\/\/svenskelitfotboll.se\/en\/the-2023-season-kick-off-event-gathered-the-swedish-football-family\/"},"author":{"name":"sef_admin","@id":"https:\/\/svenskelitfotboll.se\/#\/schema\/person\/39ec280df86f2aa4a6cfa7c6179d9b54"},"headline":"The 2023 season kick off event gathered the Swedish football family","datePublished":"2023-03-21T13:49:32+00:00","dateModified":"2023-04-05T16:36:47+00:00","mainEntityOfPage":{"@id":"https:\/\/svenskelitfotboll.se\/en\/the-2023-season-kick-off-event-gathered-the-swedish-football-family\/"},"wordCount":643,"commentCount":0,"publisher":{"@id":"https:\/\/svenskelitfotboll.se\/#organization"},"image":{"@id":"https:\/\/svenskelitfotboll.se\/en\/the-2023-season-kick-off-event-gathered-the-swedish-football-family\/#primaryimage"},"thumbnailUrl":"https:\/\/svenskelitfotboll.se\/wp-content\/uploads\/2023\/03\/BB230320JZ027.jpg","articleSection":["Allsvenskan","News"],"inLanguage":"en-US","potentialAction":[{"@type":"CommentAction","name":"Comment","target":["https:\/\/svenskelitfotboll.se\/en\/the-2023-season-kick-off-event-gathered-the-swedish-football-family\/#respond"]}]},{"@type":"WebPage","@id":"https:\/\/svenskelitfotboll.se\/en\/the-2023-season-kick-off-event-gathered-the-swedish-football-family\/","url":"https:\/\/svenskelitfotboll.se\/en\/the-2023-season-kick-off-event-gathered-the-swedish-football-family\/","name":"The 2023 season kick off event gathered the Swedish football family - F\u00f6reningen Svensk Elitfotboll","isPartOf":{"@id":"https:\/\/svenskelitfotboll.se\/#website"},"primaryImageOfPage":{"@id":"https:\/\/svenskelitfotboll.se\/en\/the-2023-season-kick-off-event-gathered-the-swedish-football-family\/#primaryimage"},"image":{"@id":"https:\/\/svenskelitfotboll.se\/en\/the-2023-season-kick-off-event-gathered-the-swedish-football-family\/#primaryimage"},"thumbnailUrl":"https:\/\/svenskelitfotboll.se\/wp-content\/uploads\/2023\/03\/BB230320JZ027.jpg","datePublished":"2023-03-21T13:49:32+00:00","dateModified":"2023-04-05T16:36:47+00:00","breadcrumb":{"@id":"https:\/\/svenskelitfotboll.se\/en\/the-2023-season-kick-off-event-gathered-the-swedish-football-family\/#breadcrumb"},"inLanguage":"en-US","potentialAction":[{"@type":"ReadAction","target":["https:\/\/svenskelitfotboll.se\/en\/the-2023-season-kick-off-event-gathered-the-swedish-football-family\/"]}]},{"@type":"ImageObject","inLanguage":"en-US","@id":"https:\/\/svenskelitfotboll.se\/en\/the-2023-season-kick-off-event-gathered-the-swedish-football-family\/#primaryimage","url":"https:\/\/svenskelitfotboll.se\/wp-content\/uploads\/2023\/03\/BB230320JZ027.jpg","contentUrl":"https:\/\/svenskelitfotboll.se\/wp-content\/uploads\/2023\/03\/BB230320JZ027.jpg","width":800,"height":533,"caption":"230320 Thomas Lagerl\u00f6f, tr\u00e4nare Djurg\u00e5rden, Magnus Eriksson, Djurg\u00e5rden, Per-Mathias H\u00f6gmo, tr\u00e4nare H\u00e4cken, och Samuel Gustafson, H\u00e4cken, under fotbollsallsvenskans upptaktstr\u00e4ff den 20 mars 2023 i Stockholm. Foto: Jesper Zerman \/ BILDBYR\u00c5N \/ COP 234 \/ JZ0345"},{"@type":"BreadcrumbList","@id":"https:\/\/svenskelitfotboll.se\/en\/the-2023-season-kick-off-event-gathered-the-swedish-football-family\/#breadcrumb","itemListElement":[{"@type":"ListItem","position":1,"name":"News","item":"https:\/\/svenskelitfotboll.se\/en\/category\/news\/"},{"@type":"ListItem","position":2,"name":"Allsvenskan","item":"https:\/\/svenskelitfotboll.se\/en\/category\/news\/allsvenskan-en\/"},{"@type":"ListItem","position":3,"name":"The 2023 season kick off event gathered the Swedish football family"}]},{"@type":"WebSite","@id":"https:\/\/svenskelitfotboll.se\/#website","url":"https:\/\/svenskelitfotboll.se\/","name":"F\u00f6reningen Svensk Elitfotboll","description":"Together we develop Swedish elite football","publisher":{"@id":"https:\/\/svenskelitfotboll.se\/#organization"},"potentialAction":[{"@type":"SearchAction","target":{"@type":"EntryPoint","urlTemplate":"https:\/\/svenskelitfotboll.se\/?s={search_term_string}"},"query-input":{"@type":"PropertyValueSpecification","valueRequired":true,"valueName":"search_term_string"}}],"inLanguage":"en-US"},{"@type":"Organization","@id":"https:\/\/svenskelitfotboll.se\/#organization","name":"Svensk Elitfotboll","url":"https:\/\/svenskelitfotboll.se\/","logo":{"@type":"ImageObject","inLanguage":"en-US","@id":"https:\/\/svenskelitfotboll.se\/#\/schema\/logo\/image\/","url":"https:\/\/svenskelitfotboll.se\/wp-content\/uploads\/2024\/03\/sef-696x696-1.png","contentUrl":"https:\/\/svenskelitfotboll.se\/wp-content\/uploads\/2024\/03\/sef-696x696-1.png","width":696,"height":696,"caption":"Svensk Elitfotboll"},"image":{"@id":"https:\/\/svenskelitfotboll.se\/#\/schema\/logo\/image\/"},"sameAs":["https:\/\/www.facebook.com\/svenskelitfotboll\/","https:\/\/x.com\/SEF_Elitfotboll"]},{"@type":"Person","@id":"https:\/\/svenskelitfotboll.se\/#\/schema\/person\/39ec280df86f2aa4a6cfa7c6179d9b54","name":"sef_admin","image":{"@type":"ImageObject","inLanguage":"en-US","@id":"https:\/\/svenskelitfotboll.se\/#\/schema\/person\/image\/","url":"https:\/\/secure.gravatar.com\/avatar\/99088e31dea94c51057af737007f8332b86e15778096e9d0ae3f29de01b02f93?s=96&d=mm&r=g","contentUrl":"https:\/\/secure.gravatar.com\/avatar\/99088e31dea94c51057af737007f8332b86e15778096e9d0ae3f29de01b02f93?s=96&d=mm&r=g","caption":"sef_admin"},"url":"https:\/\/svenskelitfotboll.se\/en\/author\/sef_admin\/"}]}},"publishpress_future_action":{"enabled":false,"date":"2026-05-03 12:09:33","action":"change-status","newStatus":"draft","terms":[],"taxonomy":"category","extraData":[]},"publishpress_future_workflow_manual_trigger":{"enabledWorkflows":[]},"_links":{"self":[{"href":"https:\/\/svenskelitfotboll.se\/en\/wp-json\/wp\/v2\/posts\/22613","targetHints":{"allow":["GET"]}}],"collection":[{"href":"https:\/\/svenskelitfotboll.se\/en\/wp-json\/wp\/v2\/posts"}],"about":[{"href":"https:\/\/svenskelitfotboll.se\/en\/wp-json\/wp\/v2\/types\/post"}],"author":[{"embeddable":true,"href":"https:\/\/svenskelitfotboll.se\/en\/wp-json\/wp\/v2\/users\/4"}],"replies":[{"embeddable":true,"href":"https:\/\/svenskelitfotboll.se\/en\/wp-json\/wp\/v2\/comments?post=22613"}],"version-history":[{"count":0,"href":"https:\/\/svenskelitfotboll.se\/en\/wp-json\/wp\/v2\/posts\/22613\/revisions"}],"wp:featuredmedia":[{"embeddable":true,"href":"https:\/\/svenskelitfotboll.se\/en\/wp-json\/wp\/v2\/media\/22604"}],"wp:attachment":[{"href":"https:\/\/svenskelitfotboll.se\/en\/wp-json\/wp\/v2\/media?parent=22613"}],"wp:term":[{"taxonomy":"category","embeddable":true,"href":"https:\/\/svenskelitfotboll.se\/en\/wp-json\/wp\/v2\/categories?post=22613"},{"taxonomy":"post_tag","embeddable":true,"href":"https:\/\/svenskelitfotboll.se\/en\/wp-json\/wp\/v2\/tags?post=22613"}],"curies":[{"name":"wp","href":"https:\/\/api.w.org\/{rel}","templated":true}]}}