{"id":24525,"date":"2024-03-21T12:33:34","date_gmt":"2024-03-21T11:33:34","guid":{"rendered":"https:\/\/8b59cb99d94061e91f30334567d60256\/?p=24525"},"modified":"2024-03-28T18:01:38","modified_gmt":"2024-03-28T17:01:38","slug":"record-interest-for-the-annual-kickoff-meeting-as-allsvenskan-celebrates-100-years","status":"publish","type":"post","link":"https:\/\/svenskelitfotboll.se\/en\/record-interest-for-the-annual-kickoff-meeting-as-allsvenskan-celebrates-100-years\/","title":{"rendered":"Record interest for the annual kickoff meeting as Allsvenskan celebrates 100 years"},"content":{"rendered":"\n<p><strong>Earlier this week, the traditional kickoff meeting for Allsvenskan, which celebrates its 100th anniversary this year, was held. Sports journalists, club representatives, and partners gathered in Solna to discuss the upcoming anniversary season.<\/strong><\/p>\n\n\n\n<p>&#8220;The interest ahead of this year&#8217;s kickoff meeting has been record-breaking, and the number of pre-booked interviews was higher than ever before. It can be safely stated that the Swedish Professional Football Leagues continue to grow in terms of engagement around the league,&#8221; says Kaveh Sarvari, head of events at the Swedish Professional Football Leagues.<\/p>\n\n\n\n<p>The kickoff meeting began with a live stage program led by Tommy \u00c5str\u00f6m, Karin Frick, and Jonas Dahlqvist from Warner Bros. Discovery. A total of three different panel discussions were held on current topics such as player transfers, VAR, as well as a discussion on security issues at the Swedish arenas. Participants in the various panels included, among others, Stefan Andreasson, CEO of IF Elfsborg, Andrea M\u00f6llerberg, Secretary-General of the Swedish Football Association, and Per Engstr\u00f6m, section chief at the Swedish police.<\/p>\n\n\n\n<p>&#8220;Similar to last year, we have adapted the topics in the stage program according to the media&#8217;s wishes, which this year led to highly relevant topics that there is a great public interest in. It was a good mix, which was appreciated by the audience,&#8221; says Kaveh Sarvari.<\/p>\n\n\n\n<figure class=\"wp-block-image size-large\"><img loading=\"lazy\" decoding=\"async\" width=\"1024\" height=\"640\" src=\"https:\/\/svenskelitfotboll.se\/wp-content\/uploads\/2024\/03\/upptaktstraff-panel-1024x640.jpg\" alt=\"\" class=\"wp-image-24496\" srcset=\"https:\/\/svenskelitfotboll.se\/wp-content\/uploads\/2024\/03\/upptaktstraff-panel-1024x640.jpg 1024w, https:\/\/svenskelitfotboll.se\/wp-content\/uploads\/2024\/03\/upptaktstraff-panel-300x188.jpg 300w, https:\/\/svenskelitfotboll.se\/wp-content\/uploads\/2024\/03\/upptaktstraff-panel-768x480.jpg 768w, https:\/\/svenskelitfotboll.se\/wp-content\/uploads\/2024\/03\/upptaktstraff-panel-1536x960.jpg 1536w, https:\/\/svenskelitfotboll.se\/wp-content\/uploads\/2024\/03\/upptaktstraff-panel.jpg 1600w\" sizes=\"auto, (max-width: 1024px) 100vw, 1024px\" \/><\/figure>\n\n\n\n<p>The impending 100th anniversary of Allsvenskan was also highlighted with the help of the Swedish Football Historians &amp; Statisticians (SFS) and their chairman, Mikael H\u00e4ggstr\u00f6m. H\u00e4ggstr\u00f6m talked, among other things, about Allsvenskan&#8217;s first-ever match played between IFK Eskilstuna and IK Sleipner at Tunavallen on August 3, 1924.<\/p>\n\n\n\n<p>Media&#8217;s predictions for the season were also presented during the day. Malm\u00f6 FF was named favorites to win the championship, followed by Djurg\u00e5rden, BK H\u00e4cken, and IF Elfsborg. The morning session ended with the head coaches and present players being photographed in their respective match jerseys.<\/p>\n\n\n\n<figure class=\"wp-block-image size-large\"><img loading=\"lazy\" decoding=\"async\" width=\"1024\" height=\"640\" src=\"https:\/\/svenskelitfotboll.se\/wp-content\/uploads\/2024\/03\/upptaktstraff-tranare-1024x640.jpg\" alt=\"\" class=\"wp-image-24494\" srcset=\"https:\/\/svenskelitfotboll.se\/wp-content\/uploads\/2024\/03\/upptaktstraff-tranare-1024x640.jpg 1024w, https:\/\/svenskelitfotboll.se\/wp-content\/uploads\/2024\/03\/upptaktstraff-tranare-300x188.jpg 300w, https:\/\/svenskelitfotboll.se\/wp-content\/uploads\/2024\/03\/upptaktstraff-tranare-768x480.jpg 768w, https:\/\/svenskelitfotboll.se\/wp-content\/uploads\/2024\/03\/upptaktstraff-tranare-1536x960.jpg 1536w, https:\/\/svenskelitfotboll.se\/wp-content\/uploads\/2024\/03\/upptaktstraff-tranare.jpg 1600w\" sizes=\"auto, (max-width: 1024px) 100vw, 1024px\" \/><\/figure>\n\n\n\n<p>The rest of the kickoff meeting consisted of exclusive interviews where players and head coaches were available for media in their club booths. A total of 521 interviews were scheduled in the rolling interview schedule, ranging from print media to radio, TV, web-TV, and podcasts.<\/p>\n\n\n\n<p>&#8220;It is always fun and rewarding to meet all the industry colleagues. It was an intense interview schedule which shows that Allsvenskan as a league creates engagement and that the level of interest is high for the upcoming season,&#8221; concludes Viktor Johansson, press officer, IK Sirius.<\/p>\n\n\n\n<p>The kickoff meeting was broadcasted via Swedish Professional Football Leagues own streaming platform, Fotboll Play. The Superettan kickoff meeting took place one day later on Tuesday, March 19, and was also broadcasted live via Fotboll Play.<\/p>\n","protected":false},"excerpt":{"rendered":"<p>Earlier this week, the traditional kickoff meeting for Allsvenskan, which celebrates its 100th anniversary this year, was held. Sports journalists, club representatives, and partners gathered in Solna to discuss the upcoming anniversary season. &#8220;The interest ahead of this year&#8217;s kickoff meeting has been record-breaking, and the number of pre-booked interviews was higher than ever before. [&hellip;]<\/p>\n","protected":false},"author":28,"featured_media":24492,"comment_status":"closed","ping_status":"closed","sticky":false,"template":"","format":"standard","meta":{"_acf_changed":false,"footnotes":""},"categories":[65,66,68],"tags":[],"class_list":["post-24525","post","type-post","status-publish","format-standard","has-post-thumbnail","hentry","category-allsvenskan-en","category-news","category-partner-en"],"acf":[],"yoast_head":"<!-- This site is optimized with the Yoast SEO plugin v27.1.1 - https:\/\/yoast.com\/product\/yoast-seo-wordpress\/ -->\n<title>Record interest for the annual kickoff meeting as Allsvenskan celebrates 100 years - F\u00f6reningen Svensk Elitfotboll<\/title>\n<meta name=\"robots\" content=\"index, follow, max-snippet:-1, max-image-preview:large, max-video-preview:-1\" \/>\n<link rel=\"canonical\" href=\"https:\/\/svenskelitfotboll.se\/en\/record-interest-for-the-annual-kickoff-meeting-as-allsvenskan-celebrates-100-years\/\" \/>\n<meta property=\"og:locale\" content=\"en_US\" \/>\n<meta property=\"og:type\" content=\"article\" \/>\n<meta property=\"og:title\" content=\"Record interest for the annual kickoff meeting as Allsvenskan celebrates 100 years - F\u00f6reningen Svensk Elitfotboll\" \/>\n<meta property=\"og:description\" content=\"Earlier this week, the traditional kickoff meeting for Allsvenskan, which celebrates its 100th anniversary this year, was held. Sports journalists, club representatives, and partners gathered in Solna to discuss the upcoming anniversary season. &#8220;The interest ahead of this year&#8217;s kickoff meeting has been record-breaking, and the number of pre-booked interviews was higher than ever before. [&hellip;]\" \/>\n<meta property=\"og:url\" content=\"https:\/\/svenskelitfotboll.se\/en\/record-interest-for-the-annual-kickoff-meeting-as-allsvenskan-celebrates-100-years\/\" \/>\n<meta property=\"og:site_name\" content=\"F\u00f6reningen Svensk Elitfotboll\" \/>\n<meta property=\"article:publisher\" content=\"https:\/\/www.facebook.com\/svenskelitfotboll\/\" \/>\n<meta property=\"article:published_time\" content=\"2024-03-21T11:33:34+00:00\" \/>\n<meta property=\"article:modified_time\" content=\"2024-03-28T17:01:38+00:00\" \/>\n<meta property=\"og:image\" content=\"https:\/\/svenskelitfotboll.se\/wp-content\/uploads\/2024\/03\/upptaktstraff-allsvenskan.jpg\" \/>\n\t<meta property=\"og:image:width\" content=\"1600\" \/>\n\t<meta property=\"og:image:height\" content=\"1000\" \/>\n\t<meta property=\"og:image:type\" content=\"image\/jpeg\" \/>\n<meta name=\"author\" content=\"Oskar Nilsson\" \/>\n<meta name=\"twitter:card\" content=\"summary_large_image\" \/>\n<meta name=\"twitter:creator\" content=\"@SEF_Elitfotboll\" \/>\n<meta name=\"twitter:site\" content=\"@SEF_Elitfotboll\" \/>\n<script type=\"application\/ld+json\" class=\"yoast-schema-graph\">{\"@context\":\"https:\/\/schema.org\",\"@graph\":[{\"@type\":\"Article\",\"@id\":\"https:\/\/svenskelitfotboll.se\/en\/record-interest-for-the-annual-kickoff-meeting-as-allsvenskan-celebrates-100-years\/#article\",\"isPartOf\":{\"@id\":\"https:\/\/svenskelitfotboll.se\/en\/record-interest-for-the-annual-kickoff-meeting-as-allsvenskan-celebrates-100-years\/\"},\"author\":{\"name\":\"Oskar Nilsson\",\"@id\":\"https:\/\/svenskelitfotboll.se\/#\/schema\/person\/b4fb9b9f56b99bd0a443f787e6b07324\"},\"headline\":\"Record interest for the annual kickoff meeting as Allsvenskan celebrates 100 years\",\"datePublished\":\"2024-03-21T11:33:34+00:00\",\"dateModified\":\"2024-03-28T17:01:38+00:00\",\"mainEntityOfPage\":{\"@id\":\"https:\/\/svenskelitfotboll.se\/en\/record-interest-for-the-annual-kickoff-meeting-as-allsvenskan-celebrates-100-years\/\"},\"wordCount\":458,\"publisher\":{\"@id\":\"https:\/\/svenskelitfotboll.se\/#organization\"},\"image\":{\"@id\":\"https:\/\/svenskelitfotboll.se\/en\/record-interest-for-the-annual-kickoff-meeting-as-allsvenskan-celebrates-100-years\/#primaryimage\"},\"thumbnailUrl\":\"https:\/\/svenskelitfotboll.se\/wp-content\/uploads\/2024\/03\/upptaktstraff-allsvenskan.jpg\",\"articleSection\":[\"Allsvenskan\",\"News\",\"Partner\"],\"inLanguage\":\"en-US\"},{\"@type\":\"WebPage\",\"@id\":\"https:\/\/svenskelitfotboll.se\/en\/record-interest-for-the-annual-kickoff-meeting-as-allsvenskan-celebrates-100-years\/\",\"url\":\"https:\/\/svenskelitfotboll.se\/en\/record-interest-for-the-annual-kickoff-meeting-as-allsvenskan-celebrates-100-years\/\",\"name\":\"Record interest for the annual kickoff meeting as Allsvenskan celebrates 100 years - F\u00f6reningen Svensk Elitfotboll\",\"isPartOf\":{\"@id\":\"https:\/\/svenskelitfotboll.se\/#website\"},\"primaryImageOfPage\":{\"@id\":\"https:\/\/svenskelitfotboll.se\/en\/record-interest-for-the-annual-kickoff-meeting-as-allsvenskan-celebrates-100-years\/#primaryimage\"},\"image\":{\"@id\":\"https:\/\/svenskelitfotboll.se\/en\/record-interest-for-the-annual-kickoff-meeting-as-allsvenskan-celebrates-100-years\/#primaryimage\"},\"thumbnailUrl\":\"https:\/\/svenskelitfotboll.se\/wp-content\/uploads\/2024\/03\/upptaktstraff-allsvenskan.jpg\",\"datePublished\":\"2024-03-21T11:33:34+00:00\",\"dateModified\":\"2024-03-28T17:01:38+00:00\",\"breadcrumb\":{\"@id\":\"https:\/\/svenskelitfotboll.se\/en\/record-interest-for-the-annual-kickoff-meeting-as-allsvenskan-celebrates-100-years\/#breadcrumb\"},\"inLanguage\":\"en-US\",\"potentialAction\":[{\"@type\":\"ReadAction\",\"target\":[\"https:\/\/svenskelitfotboll.se\/en\/record-interest-for-the-annual-kickoff-meeting-as-allsvenskan-celebrates-100-years\/\"]}]},{\"@type\":\"ImageObject\",\"inLanguage\":\"en-US\",\"@id\":\"https:\/\/svenskelitfotboll.se\/en\/record-interest-for-the-annual-kickoff-meeting-as-allsvenskan-celebrates-100-years\/#primaryimage\",\"url\":\"https:\/\/svenskelitfotboll.se\/wp-content\/uploads\/2024\/03\/upptaktstraff-allsvenskan.jpg\",\"contentUrl\":\"https:\/\/svenskelitfotboll.se\/wp-content\/uploads\/2024\/03\/upptaktstraff-allsvenskan.jpg\",\"width\":1600,\"height\":1000},{\"@type\":\"BreadcrumbList\",\"@id\":\"https:\/\/svenskelitfotboll.se\/en\/record-interest-for-the-annual-kickoff-meeting-as-allsvenskan-celebrates-100-years\/#breadcrumb\",\"itemListElement\":[{\"@type\":\"ListItem\",\"position\":1,\"name\":\"News\",\"item\":\"https:\/\/svenskelitfotboll.se\/en\/category\/news\/\"},{\"@type\":\"ListItem\",\"position\":2,\"name\":\"Record interest for the annual kickoff meeting as Allsvenskan celebrates 100 years\"}]},{\"@type\":\"WebSite\",\"@id\":\"https:\/\/svenskelitfotboll.se\/#website\",\"url\":\"https:\/\/svenskelitfotboll.se\/\",\"name\":\"F\u00f6reningen Svensk Elitfotboll\",\"description\":\"Together we develop Swedish elite football\",\"publisher\":{\"@id\":\"https:\/\/svenskelitfotboll.se\/#organization\"},\"potentialAction\":[{\"@type\":\"SearchAction\",\"target\":{\"@type\":\"EntryPoint\",\"urlTemplate\":\"https:\/\/svenskelitfotboll.se\/?s={search_term_string}\"},\"query-input\":{\"@type\":\"PropertyValueSpecification\",\"valueRequired\":true,\"valueName\":\"search_term_string\"}}],\"inLanguage\":\"en-US\"},{\"@type\":\"Organization\",\"@id\":\"https:\/\/svenskelitfotboll.se\/#organization\",\"name\":\"Svensk Elitfotboll\",\"url\":\"https:\/\/svenskelitfotboll.se\/\",\"logo\":{\"@type\":\"ImageObject\",\"inLanguage\":\"en-US\",\"@id\":\"https:\/\/svenskelitfotboll.se\/#\/schema\/logo\/image\/\",\"url\":\"https:\/\/svenskelitfotboll.se\/wp-content\/uploads\/2024\/03\/sef-696x696-1.png\",\"contentUrl\":\"https:\/\/svenskelitfotboll.se\/wp-content\/uploads\/2024\/03\/sef-696x696-1.png\",\"width\":696,\"height\":696,\"caption\":\"Svensk Elitfotboll\"},\"image\":{\"@id\":\"https:\/\/svenskelitfotboll.se\/#\/schema\/logo\/image\/\"},\"sameAs\":[\"https:\/\/www.facebook.com\/svenskelitfotboll\/\",\"https:\/\/x.com\/SEF_Elitfotboll\"]},{\"@type\":\"Person\",\"@id\":\"https:\/\/svenskelitfotboll.se\/#\/schema\/person\/b4fb9b9f56b99bd0a443f787e6b07324\",\"name\":\"Oskar Nilsson\",\"image\":{\"@type\":\"ImageObject\",\"inLanguage\":\"en-US\",\"@id\":\"https:\/\/svenskelitfotboll.se\/#\/schema\/person\/image\/\",\"url\":\"https:\/\/secure.gravatar.com\/avatar\/2777c392b933287559df2a511020b2c14287f8febd383d7963240173c7c450a7?s=96&d=mm&r=g\",\"contentUrl\":\"https:\/\/secure.gravatar.com\/avatar\/2777c392b933287559df2a511020b2c14287f8febd383d7963240173c7c450a7?s=96&d=mm&r=g\",\"caption\":\"Oskar Nilsson\"},\"url\":\"https:\/\/svenskelitfotboll.se\/en\/author\/oskar-nilsson\/\"}]}<\/script>\n<!-- \/ Yoast SEO plugin. -->","yoast_head_json":{"title":"Record interest for the annual kickoff meeting as Allsvenskan celebrates 100 years - F\u00f6reningen Svensk Elitfotboll","robots":{"index":"index","follow":"follow","max-snippet":"max-snippet:-1","max-image-preview":"max-image-preview:large","max-video-preview":"max-video-preview:-1"},"canonical":"https:\/\/svenskelitfotboll.se\/en\/record-interest-for-the-annual-kickoff-meeting-as-allsvenskan-celebrates-100-years\/","og_locale":"en_US","og_type":"article","og_title":"Record interest for the annual kickoff meeting as Allsvenskan celebrates 100 years - F\u00f6reningen Svensk Elitfotboll","og_description":"Earlier this week, the traditional kickoff meeting for Allsvenskan, which celebrates its 100th anniversary this year, was held. Sports journalists, club representatives, and partners gathered in Solna to discuss the upcoming anniversary season. &#8220;The interest ahead of this year&#8217;s kickoff meeting has been record-breaking, and the number of pre-booked interviews was higher than ever before. [&hellip;]","og_url":"https:\/\/svenskelitfotboll.se\/en\/record-interest-for-the-annual-kickoff-meeting-as-allsvenskan-celebrates-100-years\/","og_site_name":"F\u00f6reningen Svensk Elitfotboll","article_publisher":"https:\/\/www.facebook.com\/svenskelitfotboll\/","article_published_time":"2024-03-21T11:33:34+00:00","article_modified_time":"2024-03-28T17:01:38+00:00","og_image":[{"width":1600,"height":1000,"url":"https:\/\/svenskelitfotboll.se\/wp-content\/uploads\/2024\/03\/upptaktstraff-allsvenskan.jpg","type":"image\/jpeg"}],"author":"Oskar Nilsson","twitter_card":"summary_large_image","twitter_creator":"@SEF_Elitfotboll","twitter_site":"@SEF_Elitfotboll","schema":{"@context":"https:\/\/schema.org","@graph":[{"@type":"Article","@id":"https:\/\/svenskelitfotboll.se\/en\/record-interest-for-the-annual-kickoff-meeting-as-allsvenskan-celebrates-100-years\/#article","isPartOf":{"@id":"https:\/\/svenskelitfotboll.se\/en\/record-interest-for-the-annual-kickoff-meeting-as-allsvenskan-celebrates-100-years\/"},"author":{"name":"Oskar Nilsson","@id":"https:\/\/svenskelitfotboll.se\/#\/schema\/person\/b4fb9b9f56b99bd0a443f787e6b07324"},"headline":"Record interest for the annual kickoff meeting as Allsvenskan celebrates 100 years","datePublished":"2024-03-21T11:33:34+00:00","dateModified":"2024-03-28T17:01:38+00:00","mainEntityOfPage":{"@id":"https:\/\/svenskelitfotboll.se\/en\/record-interest-for-the-annual-kickoff-meeting-as-allsvenskan-celebrates-100-years\/"},"wordCount":458,"publisher":{"@id":"https:\/\/svenskelitfotboll.se\/#organization"},"image":{"@id":"https:\/\/svenskelitfotboll.se\/en\/record-interest-for-the-annual-kickoff-meeting-as-allsvenskan-celebrates-100-years\/#primaryimage"},"thumbnailUrl":"https:\/\/svenskelitfotboll.se\/wp-content\/uploads\/2024\/03\/upptaktstraff-allsvenskan.jpg","articleSection":["Allsvenskan","News","Partner"],"inLanguage":"en-US"},{"@type":"WebPage","@id":"https:\/\/svenskelitfotboll.se\/en\/record-interest-for-the-annual-kickoff-meeting-as-allsvenskan-celebrates-100-years\/","url":"https:\/\/svenskelitfotboll.se\/en\/record-interest-for-the-annual-kickoff-meeting-as-allsvenskan-celebrates-100-years\/","name":"Record interest for the annual kickoff meeting as Allsvenskan celebrates 100 years - F\u00f6reningen Svensk Elitfotboll","isPartOf":{"@id":"https:\/\/svenskelitfotboll.se\/#website"},"primaryImageOfPage":{"@id":"https:\/\/svenskelitfotboll.se\/en\/record-interest-for-the-annual-kickoff-meeting-as-allsvenskan-celebrates-100-years\/#primaryimage"},"image":{"@id":"https:\/\/svenskelitfotboll.se\/en\/record-interest-for-the-annual-kickoff-meeting-as-allsvenskan-celebrates-100-years\/#primaryimage"},"thumbnailUrl":"https:\/\/svenskelitfotboll.se\/wp-content\/uploads\/2024\/03\/upptaktstraff-allsvenskan.jpg","datePublished":"2024-03-21T11:33:34+00:00","dateModified":"2024-03-28T17:01:38+00:00","breadcrumb":{"@id":"https:\/\/svenskelitfotboll.se\/en\/record-interest-for-the-annual-kickoff-meeting-as-allsvenskan-celebrates-100-years\/#breadcrumb"},"inLanguage":"en-US","potentialAction":[{"@type":"ReadAction","target":["https:\/\/svenskelitfotboll.se\/en\/record-interest-for-the-annual-kickoff-meeting-as-allsvenskan-celebrates-100-years\/"]}]},{"@type":"ImageObject","inLanguage":"en-US","@id":"https:\/\/svenskelitfotboll.se\/en\/record-interest-for-the-annual-kickoff-meeting-as-allsvenskan-celebrates-100-years\/#primaryimage","url":"https:\/\/svenskelitfotboll.se\/wp-content\/uploads\/2024\/03\/upptaktstraff-allsvenskan.jpg","contentUrl":"https:\/\/svenskelitfotboll.se\/wp-content\/uploads\/2024\/03\/upptaktstraff-allsvenskan.jpg","width":1600,"height":1000},{"@type":"BreadcrumbList","@id":"https:\/\/svenskelitfotboll.se\/en\/record-interest-for-the-annual-kickoff-meeting-as-allsvenskan-celebrates-100-years\/#breadcrumb","itemListElement":[{"@type":"ListItem","position":1,"name":"News","item":"https:\/\/svenskelitfotboll.se\/en\/category\/news\/"},{"@type":"ListItem","position":2,"name":"Record interest for the annual kickoff meeting as Allsvenskan celebrates 100 years"}]},{"@type":"WebSite","@id":"https:\/\/svenskelitfotboll.se\/#website","url":"https:\/\/svenskelitfotboll.se\/","name":"F\u00f6reningen Svensk Elitfotboll","description":"Together we develop Swedish elite football","publisher":{"@id":"https:\/\/svenskelitfotboll.se\/#organization"},"potentialAction":[{"@type":"SearchAction","target":{"@type":"EntryPoint","urlTemplate":"https:\/\/svenskelitfotboll.se\/?s={search_term_string}"},"query-input":{"@type":"PropertyValueSpecification","valueRequired":true,"valueName":"search_term_string"}}],"inLanguage":"en-US"},{"@type":"Organization","@id":"https:\/\/svenskelitfotboll.se\/#organization","name":"Svensk Elitfotboll","url":"https:\/\/svenskelitfotboll.se\/","logo":{"@type":"ImageObject","inLanguage":"en-US","@id":"https:\/\/svenskelitfotboll.se\/#\/schema\/logo\/image\/","url":"https:\/\/svenskelitfotboll.se\/wp-content\/uploads\/2024\/03\/sef-696x696-1.png","contentUrl":"https:\/\/svenskelitfotboll.se\/wp-content\/uploads\/2024\/03\/sef-696x696-1.png","width":696,"height":696,"caption":"Svensk Elitfotboll"},"image":{"@id":"https:\/\/svenskelitfotboll.se\/#\/schema\/logo\/image\/"},"sameAs":["https:\/\/www.facebook.com\/svenskelitfotboll\/","https:\/\/x.com\/SEF_Elitfotboll"]},{"@type":"Person","@id":"https:\/\/svenskelitfotboll.se\/#\/schema\/person\/b4fb9b9f56b99bd0a443f787e6b07324","name":"Oskar Nilsson","image":{"@type":"ImageObject","inLanguage":"en-US","@id":"https:\/\/svenskelitfotboll.se\/#\/schema\/person\/image\/","url":"https:\/\/secure.gravatar.com\/avatar\/2777c392b933287559df2a511020b2c14287f8febd383d7963240173c7c450a7?s=96&d=mm&r=g","contentUrl":"https:\/\/secure.gravatar.com\/avatar\/2777c392b933287559df2a511020b2c14287f8febd383d7963240173c7c450a7?s=96&d=mm&r=g","caption":"Oskar Nilsson"},"url":"https:\/\/svenskelitfotboll.se\/en\/author\/oskar-nilsson\/"}]}},"publishpress_future_action":{"enabled":false,"date":"2026-05-06 22:00:47","action":"change-status","newStatus":"draft","terms":[],"taxonomy":"category","extraData":[]},"publishpress_future_workflow_manual_trigger":{"enabledWorkflows":[]},"_links":{"self":[{"href":"https:\/\/svenskelitfotboll.se\/en\/wp-json\/wp\/v2\/posts\/24525","targetHints":{"allow":["GET"]}}],"collection":[{"href":"https:\/\/svenskelitfotboll.se\/en\/wp-json\/wp\/v2\/posts"}],"about":[{"href":"https:\/\/svenskelitfotboll.se\/en\/wp-json\/wp\/v2\/types\/post"}],"author":[{"embeddable":true,"href":"https:\/\/svenskelitfotboll.se\/en\/wp-json\/wp\/v2\/users\/28"}],"replies":[{"embeddable":true,"href":"https:\/\/svenskelitfotboll.se\/en\/wp-json\/wp\/v2\/comments?post=24525"}],"version-history":[{"count":0,"href":"https:\/\/svenskelitfotboll.se\/en\/wp-json\/wp\/v2\/posts\/24525\/revisions"}],"wp:featuredmedia":[{"embeddable":true,"href":"https:\/\/svenskelitfotboll.se\/en\/wp-json\/wp\/v2\/media\/24492"}],"wp:attachment":[{"href":"https:\/\/svenskelitfotboll.se\/en\/wp-json\/wp\/v2\/media?parent=24525"}],"wp:term":[{"taxonomy":"category","embeddable":true,"href":"https:\/\/svenskelitfotboll.se\/en\/wp-json\/wp\/v2\/categories?post=24525"},{"taxonomy":"post_tag","embeddable":true,"href":"https:\/\/svenskelitfotboll.se\/en\/wp-json\/wp\/v2\/tags?post=24525"}],"curies":[{"name":"wp","href":"https:\/\/api.w.org\/{rel}","templated":true}]}}